{"id":992,"date":"2024-03-02T18:30:58","date_gmt":"2024-03-02T18:30:58","guid":{"rendered":"https:\/\/www.antiguorincon.com\/blog\/?p=992"},"modified":"2024-02-24T21:17:26","modified_gmt":"2024-02-24T21:17:26","slug":"samurais-en-sevilla-la-embajada-de-hasekura-tsunenaga","status":"publish","type":"post","link":"https:\/\/www.antiguorincon.com\/blog\/samurais-en-sevilla-la-embajada-de-hasekura-tsunenaga\/","title":{"rendered":"SAMURAIS EN SEVILLA. LA EMBAJADA DE HASEKURA TSUNENAGA"},"content":{"rendered":"\n\t\t\t<!-- START Post 110620 1 1 1 1 1 REVOLUTION SLIDER 6.7.34 --><p class=\"rs-p-wp-fix\"><\/p>\n\t\t\t<rs-module-wrap id=\"rev_slider_56_1_wrapper\" data-source=\"gallery\" style=\"visibility:hidden;background:transparent;padding:0;margin:0px auto;margin-top:0;margin-bottom:0;\">\n\t\t\t\t<rs-module id=\"rev_slider_56_1\" style=\"\" data-version=\"6.7.34\">\n\t\t\t\t\t<rs-slides style=\"overflow: hidden; position: absolute;\">\n\t\t\t\t\t\t<rs-slide style=\"position: absolute;\" data-key=\"rs-198\" data-title=\"cerillas\" data-anim=\"r:0;\" data-in=\"x:100%;\">\n\t\t\t\t\t\t\t<img decoding=\"async\" src=\"\/\/www.antiguorincon.com\/blog\/wp-content\/plugins\/revslider\/sr6\/assets\/assets\/dummy.png\" alt=\"\" title=\"quirinale_-_ritratto_di_hasekura\" width=\"1200\" height=\"780\" class=\"rev-slidebg tp-rs-img rs-lazyload\" data-lazyload=\"\/\/www.antiguorincon.com\/blog\/wp-content\/uploads\/2020\/06\/quirinale_-_ritratto_di_hasekura.jpg\" data-no-retina>\n<!---->\t\t\t\t\t<\/rs-slide>\n\t\t\t\t\t\t<rs-slide style=\"position: absolute;\" data-key=\"rs-199\" data-title=\"Slide\" data-anim=\"ms:1000;r:0;\" data-in=\"o:0;\" data-out=\"a:false;\">\n\t\t\t\t\t\t\t<img decoding=\"async\" src=\"\/\/www.antiguorincon.com\/blog\/wp-content\/plugins\/revslider\/sr6\/assets\/assets\/dummy.png\" alt=\"\" title=\"coria-del-rio\" width=\"1030\" height=\"600\" class=\"rev-slidebg tp-rs-img rs-lazyload\" data-lazyload=\"\/\/www.antiguorincon.com\/blog\/wp-content\/uploads\/2020\/06\/coria-del-rio.jpg\" data-no-retina>\n<!---->\t\t\t\t\t<\/rs-slide>\n\t\t\t\t\t\t<rs-slide style=\"position: absolute;\" data-key=\"rs-200\" data-title=\"Slide\" data-anim=\"ms:1000;r:0;\" data-in=\"o:0;\" data-out=\"a:false;\">\n\t\t\t\t\t\t\t<img decoding=\"async\" src=\"\/\/www.antiguorincon.com\/blog\/wp-content\/plugins\/revslider\/sr6\/assets\/assets\/dummy.png\" alt=\"\" title=\"santos-martires-japon\" width=\"1024\" height=\"675\" class=\"rev-slidebg tp-rs-img rs-lazyload\" data-lazyload=\"\/\/www.antiguorincon.com\/blog\/wp-content\/uploads\/2020\/06\/santos-martires-japon.jpg\" data-no-retina>\n<!---->\t\t\t\t\t<\/rs-slide>\n\t\t\t\t\t<\/rs-slides>\n\t\t\t\t<\/rs-module>\n\t\t\t\t<script>\n\t\t\t\t\tsetREVStartSize({c: 'rev_slider_56_1',rl:[1240,1024,778,480],el:[310],gw:[1240],gh:[310],type:'standard',justify:'',layout:'fullwidth',mh:\"310\"});if (window.RS_MODULES!==undefined && window.RS_MODULES.modules!==undefined && window.RS_MODULES.modules[\"revslider561\"]!==undefined) {window.RS_MODULES.modules[\"revslider561\"].once = false;window.revapi56 = undefined;if (window.RS_MODULES.checkMinimal!==undefined) window.RS_MODULES.checkMinimal()}\n\t\t\t\t<\/script>\n\t\t\t<\/rs-module-wrap>\n\t\t\t<!-- END REVOLUTION SLIDER -->\n\n<p><img loading=\"lazy\" decoding=\"async\" class=\" wp-image-993 alignleft\" src=\"https:\/\/www.antiguorincon.com\/blog\/wp-content\/uploads\/2020\/06\/coria-del-rio-300x175.jpg\" alt=\"\" width=\"463\" height=\"270\" srcset=\"https:\/\/www.antiguorincon.com\/blog\/wp-content\/uploads\/2020\/06\/coria-del-rio-300x175.jpg 300w, https:\/\/www.antiguorincon.com\/blog\/wp-content\/uploads\/2020\/06\/coria-del-rio-1024x600.jpg 1024w, https:\/\/www.antiguorincon.com\/blog\/wp-content\/uploads\/2020\/06\/coria-del-rio-768x447.jpg 768w, https:\/\/www.antiguorincon.com\/blog\/wp-content\/uploads\/2020\/06\/coria-del-rio.jpg 1030w\" sizes=\"auto, (max-width: 463px) 100vw, 463px\" \/>Qui\u00e9n de un paseo por las calles de la poblaci\u00f3n de <strong>Coria del R\u00edo<\/strong>, situada en la provincia de Sevilla, tal vez se sorprenda al encontrarse con <strong>la estatua dedicada a la memoria de un samurai, Hasekura Tsunenaga<\/strong>, y se pregunte por los motivos que impulsaron a erigirla en una ciudad tan lejana, en distancia y costumbres, de Jap\u00f3n. Puede que tambi\u00e9n le llame la atenci\u00f3n descubrir, entre los pobladores de la ciudad sevillana, personas que presumen de tener el apellido Jap\u00f3n en su nombre. <strong>La explicaci\u00f3n a tan peculiares detalles hay que buscarla en un episodio hist\u00f3rico que uni\u00f3 en el pasado el destino de dos naciones tan distintas, en todos los sentidos, como son Jap\u00f3n y Espa\u00f1a.<\/strong><\/p>\n<p><strong><em>PRIMEROS \u00a0CONTACTOS<\/em><\/strong><\/p>\n<p>Motivada por intereses econ\u00f3micos y tambi\u00e9n espirituales, Espa\u00f1a deseaba establecer contactos con Jap\u00f3n, disputando a holandeses y portugueses la hegemon\u00eda en la zona. A partir de 1560, fueron llegando a Jap\u00f3n gran n\u00famero de comerciantes y misioneros dispuestos a cumplir con su misi\u00f3n, partiendo desde Nueva Espa\u00f1a (Virreinato de M\u00e9xico) y teniendo las Filipinas y su capital, Manila, como base avanzada en sus expediciones.<\/p>\n<p>En 1609, en su viaje de regreso desde Filipinas a M\u00e9xico a bordo del gale\u00f3n San Francisco, Don Rodrigo de Vivero y Velasco que cesaba como Gobernador del archipi\u00e9lago, naufrag\u00f3 en las costas del Jap\u00f3n. Aprovechando su estancia forzosa, Rodrigo de Vivero trat\u00f3 de establecer relaciones directas entre el Gobierno de Nueva Espa\u00f1a y la corte japonesa. Consigui\u00f3 reunirse con el poderoso Shogun Tokugawa Ieyasu, bien relacionado con el palacio imperial, logrando la firma, el 29 de noviembre de ese mismo a\u00f1o, de un tratado por el que se autorizaba a los espa\u00f1oles a establecer una factor\u00eda en el Este de Jap\u00f3n, permitiendo a los barcos espa\u00f1oles recalar en las costas japonesas en caso de necesidad, y acordando el env\u00edo de una misi\u00f3n diplom\u00e1tica japonesa a la Corte espa\u00f1ola.<\/p>\n<p><strong><em>LOS PREPARATIVOS DE LA MISI\u00d3N<\/em><\/strong><\/p>\n<p><img loading=\"lazy\" decoding=\"async\" class=\" wp-image-998 aligncenter\" src=\"https:\/\/www.antiguorincon.com\/blog\/wp-content\/uploads\/2020\/06\/quirinale_-_ritratto_di_hasekura-300x195.jpg\" alt=\"\" width=\"531\" height=\"345\" srcset=\"https:\/\/www.antiguorincon.com\/blog\/wp-content\/uploads\/2020\/06\/quirinale_-_ritratto_di_hasekura-300x195.jpg 300w, https:\/\/www.antiguorincon.com\/blog\/wp-content\/uploads\/2020\/06\/quirinale_-_ritratto_di_hasekura-1024x666.jpg 1024w, https:\/\/www.antiguorincon.com\/blog\/wp-content\/uploads\/2020\/06\/quirinale_-_ritratto_di_hasekura-768x499.jpg 768w, https:\/\/www.antiguorincon.com\/blog\/wp-content\/uploads\/2020\/06\/quirinale_-_ritratto_di_hasekura.jpg 1200w\" sizes=\"auto, (max-width: 531px) 100vw, 531px\" \/><\/p>\n<p><strong>Un monje franciscano llamado Luis Sotelo, misionero que realizaba su labor evang\u00e9lica en la regi\u00f3n de Tokio<\/strong>, convenci\u00f3 al Shogun para ser enviado como embajador a Nueva Espa\u00f1a. Sotelo viaj\u00f3 con Rodrigo de Vivero y los marineros espa\u00f1oles supervivientes del naufragio del San Francisco, a bordo del San Buena Ventura, un barco construido por el aventurero ingl\u00e9s William Adams para el Shogun. Junto con los espa\u00f1oles viajaban a bordo veintid\u00f3s japoneses como s\u00e9quito de una primera embajada.<\/p>\n<p>El regreso de Don Rodrigo de Vivero a Nueva Espa\u00f1a coincidi\u00f3 con los preparativos que se estaban efectuando por orden de Felipe III, para enviar una expedici\u00f3n al descubrimiento de las legendarias \u201cIslas Ricas de Oro y Plata\u201d que seg\u00fan se cre\u00eda se hallaban situadas al Este de Jap\u00f3n. Sotelo, personaje de origen noble y ambiciones un tanto desmedidas, deseaba adelantarse a los dem\u00e1s obteniendo prebendas para su orden que compet\u00eda con la de los jesuitas en la evangelizaci\u00f3n de Jap\u00f3n. Consigui\u00f3 entrevistarse con el Virrey de M\u00e9xico, Don Luis de Velasco, Marqu\u00e9s de Salinas, ganando la partida a otros arribistas y desplazando a posibles rivales. Siguiendo los consejos del influyente monje franciscano, el Virrey nombr\u00f3 al general Sebasti\u00e1n Vizca\u00edno, comandante de la expedici\u00f3n.<\/p>\n<p>La misi\u00f3n principal de Vizca\u00edno era encontrar las \u201cIslas Ricas\u201d y asimismo, asentar las relaciones iniciadas por Vivero con los japoneses. Cargada con esas intenciones, la expedici\u00f3n parti\u00f3 de Acapulco el 22 de Marzo de 1611, arribando a las costas japonesas el 10 de Junio. A su llegada, Vizca\u00edno envi\u00f3 una carta al shogun Tokugawa Ieyasu, que por aquel entonces era el gobernante de facto del pa\u00eds, present\u00e1ndose como embajador de Espa\u00f1a.<\/p>\n<p><strong><em>FALTA DE TACTO<\/em><\/strong><\/p>\n<p>Las reuniones que el general y explorador espa\u00f1ol sostuvo con el Shogun estuvieron caracterizadas desde un primer momento por el desencuentro entre ambas partes. Estos contactos preliminares fueron empa\u00f1ados por el desconocimiento y poco respeto que mostr\u00f3 el embajador hacia las estrictas costumbres japonesas. Adem\u00e1s, entre los japoneses exist\u00eda cierto recelo hacia lo que pod\u00edan significar las conversiones al cristianismo. Por si esto fuera poco, los comerciantes holandeses, que a\u00fan conservaban cierta influencia en la corte japonesa, sembraron dudas sobre las verdaderas intenciones de los espa\u00f1oles, haciendo correr el rumor de que preparaban una invasi\u00f3n. Todas estas circunstancias trajeron como consecuencia que el ambiente no fuese el m\u00e1s favorable para dinamizar las relaciones entre las dos naciones.<\/p>\n<p>Ante el bloqueo de la situaci\u00f3n, Vizca\u00edno decidi\u00f3 partir finalmente en busca de las legendarias \u201cIslas Ricas\u201d. Tras buscarlas sin \u00e9xito durante dos meses, regres\u00f3 a las costas japonesas con su nav\u00edo seriamente da\u00f1ado por los temporales. Tal vez con la secreta intenci\u00f3n de perderlo de vista, el Shogun decidi\u00f3 construir un gale\u00f3n para permitir el regreso de Vizca\u00edno a Nueva Espa\u00f1a. Bajo la influencia del h\u00e1bil fray Luis Sotelo, Date Masamune, daymio de Sendai, fue elegido para llevar a cabo el proyecto, ofreci\u00e9ndose a financiar la construcci\u00f3n del barco, siempre y cuando Vizca\u00edno la supervisase. La idea de Masamune, inspirada por Sotelo, era la de enviar un embajador a la corte de Felipe III y al Papa, con la intenci\u00f3n de fomentar las relaciones directas entre su feudo y Nueva Espa\u00f1a. Para desempe\u00f1ar la misi\u00f3n, el daymio llam\u00f3 a Hasekura Tsunenaga Rokuyemon, fiel samurai que hab\u00eda estado a su servicio muchos a\u00f1os y en el que pod\u00eda confiar plenamente.<\/p>\n<p><strong><em>CRUZANDO OC\u00c9ANOS<\/em><\/strong><\/p>\n<p>El gale\u00f3n, llamado Date Maru por los japoneses y bautizado con el nombre de San Juan Bautista por los espa\u00f1oles, parti\u00f3 de Sendai rumbo a Nueva Espa\u00f1a el 27 de octubre de 1613. A bordo viajaban diez samurai del Shogun, doce samurai de Sendai, ciento veinte comerciantes, marinos y sirvientes japoneses y alrededor de cuarenta espa\u00f1oles y portugueses. Ya en alta mar, en una acci\u00f3n que casi pod\u00eda ser calificada de mot\u00edn a bordo, Sotelo tom\u00f3 el mando de la expedici\u00f3n con ayuda de los japoneses y redujo a Vizca\u00edno a la condici\u00f3n de simple pasajero.<\/p>\n<p><img loading=\"lazy\" decoding=\"async\" class=\" wp-image-999 alignright\" src=\"https:\/\/www.antiguorincon.com\/blog\/wp-content\/uploads\/2020\/06\/galeon-san-juan-bautista-300x215.jpg\" alt=\"\" width=\"375\" height=\"269\" srcset=\"https:\/\/www.antiguorincon.com\/blog\/wp-content\/uploads\/2020\/06\/galeon-san-juan-bautista-300x215.jpg 300w, https:\/\/www.antiguorincon.com\/blog\/wp-content\/uploads\/2020\/06\/galeon-san-juan-bautista-560x400.jpg 560w, https:\/\/www.antiguorincon.com\/blog\/wp-content\/uploads\/2020\/06\/galeon-san-juan-bautista.jpg 650w\" sizes=\"auto, (max-width: 375px) 100vw, 375px\" \/>Despu\u00e9s de una traves\u00eda de m\u00e1s tres meses, en uno de lo viajes m\u00e1s largos y peligrosos que hasta entonces se hab\u00edan hecho cruzando el Pac\u00edfico, el gale\u00f3n arrib\u00f3 a Acapulco el 25 de enero de 1614. La embajada japonesa fue recibida en medio de una gran ceremonia, siendo recibida por el virrey y otras autoridades de Nueva Espa\u00f1a. La misi\u00f3n diplom\u00e1tica permaneci\u00f3 un tiempo en M\u00e9xico y de all\u00ed partieron al puerto de Veracruz, con el objetivo de embarcarse rumbo a Espa\u00f1a en la flota que al mando de Don Antonio Oquendo deb\u00eda zarpar el 10 de junio. No pudiendo llevar a todo su s\u00e9quito, Hasekura seleccion\u00f3 entre ellos a un peque\u00f1o grupo para que lo acompa\u00f1ase, disponiendo que el resto volviera a Acapulco aguardando el regreso de su misi\u00f3n. En la fecha prevista y a bordo del gale\u00f3n San Jos\u00e9, los japoneses partieron de Veracruz.<\/p>\n<p><strong><em>RECIBIMIENTO EN SEVILLA<\/em><\/strong><\/p>\n<p>El 5 de octubre de 1614, el San Jos\u00e9 lleg\u00f3 a Sanl\u00facar de Barrameda en maltrecho estado despu\u00e9s de atravesar un fuerte temporal. Scipioni Amati, cronista italiano de la \u00e9poca, hace un relato de la visita en su obra <em>\u201cHistoria del Regno di Voxu del Giapone\u201d<\/em>. Este autor acompa\u00f1\u00f3 a la embajada durante su viaje por media Europa entre 1615 y 1616, convirti\u00e9ndose en un testigo de excepci\u00f3n de todo lo sucedido aunque, todo hay que decirlo, la mayor parte de lo hechos narrados en su libro fueron referidos directamente por nuestro viejo conocido fray Luis Sotelo quien, como es l\u00f3gico imaginar, le dict\u00f3 una versi\u00f3n particular de los acontecimientos.<\/p>\n<p>En su libro, Amati describe el recibimiento que se otorg\u00f3 a los aventureros cuando desembarcaron en Sanl\u00facar; <em>\u201c\u2026donde residiendo el Duque de Medina Sidonia y avisado del arribo, envi\u00f3 carrozas para honrarlos, recibirlos y acomodar en ellas al Embajador y a sus gentiles hombres, habi\u00e9ndoles preparado un suntuoso alojamiento\u201d<\/em>. El Duque, a instancias de la ciudad de Sevilla, prepar\u00f3 dos galeras para que remontasen el Guadalquivir y llevasen a la embajada hasta Coria del R\u00edo, por aquel entonces una escala obligada antes de llegar a la capital sevillana, emporio mundial del comercio de la \u00e9poca. Mientras el Embajador y su s\u00e9quito eran agasajados por Don Pedro Galindo, regidor del ayuntamiento de Coria, la ciudad de Sevilla envi\u00f3 a una delegaci\u00f3n de notables para acompa\u00f1ar a la comitiva.<\/p>\n<p>El 21 de octubre, el Embajador y su s\u00e9quito hicieron entrada en Sevilla en medio de una gran multitud que hab\u00eda acudido a contemplar la llegada de tan ex\u00f3tica embajada, nunca vista antes en la cosmopolita ciudad. Arropada por grandes demostraciones de afecto y curiosidad, fue escoltada por gran n\u00famero de caballeros y nobles formando un cortejo revestido de gran solemnidad. Siguiendo el relato de Amati este cuenta que <em>\u201c\u2026cerca de Triana y antes de cruzar el puente, se multiplic\u00f3 de tal manera el n\u00famero de carrozas, caballos y gentes de todo g\u00e9nero<\/em> <em>que no bastaba la diligencia de dos alguaciles y de otros ministros de la justicia para poder atravesarlo\u201d<\/em>. Ante el riesgo que para la integridad f\u00edsica de los miembros de la comitiva supon\u00eda tal gent\u00edo, el Conde de Salvatierra, Asistente de la Ciudad, acompa\u00f1ado por otros regidores y caballeros consigui\u00f3 rescatar al embajador que <em>\u201c\u2026fue puesto en medio de dicho Asistente y Alguaciles Mayores y prosigui\u00e9ndose la cabalgata con incre\u00edble aplauso y contento de la gente, por la Puerta de Triana se dirigieron al Alc\u00e1zar Real\u201d<\/em>.<\/p>\n<p><img loading=\"lazy\" decoding=\"async\" class=\" wp-image-1007 alignleft\" src=\"https:\/\/www.antiguorincon.com\/blog\/wp-content\/uploads\/2020\/06\/Hasekura-japones-237x300.jpg\" alt=\"\" width=\"330\" height=\"417\" srcset=\"https:\/\/www.antiguorincon.com\/blog\/wp-content\/uploads\/2020\/06\/Hasekura-japones-237x300.jpg 237w, https:\/\/www.antiguorincon.com\/blog\/wp-content\/uploads\/2020\/06\/Hasekura-japones-768x971.jpg 768w, https:\/\/www.antiguorincon.com\/blog\/wp-content\/uploads\/2020\/06\/Hasekura-japones.jpg 800w\" sizes=\"auto, (max-width: 330px) 100vw, 330px\" \/>Durante el poco tiempo que permaneci\u00f3 en la capital sevillana, Hasekura Tsunenaga, practic\u00f3 ampliamente las relaciones sociales, siendo recibido por las m\u00e1s altas jerarqu\u00edas de la ciudad. El 27 de octubre el Embajador, acompa\u00f1ado por fray Luis Sotelo, fueron recibidos por el Cabildo sevillano tal y como qued\u00f3 reflejado en el Acta Capitular correspondiente a dicho acontecimiento. Acudi\u00f3 tambi\u00e9n a visitar al Arzobispado, donde se le agasaj\u00f3 con un banquete en su honor, siendo recibido adem\u00e1s en la Iglesia Mayor, mostr\u00e1ndole la fastuosa sacrist\u00eda y subiendo a la Giralda. Tampoco se olvid\u00f3 de visitar a toda la nobleza sevillana de la \u00e9poca as\u00ed como al Convento Casa Grande de San Francisco donde fue recibido con sinceras muestras de afecto.<\/p>\n<p><strong><em>AUDIENCIA EN LA CORTE<\/em><\/strong><\/p>\n<p><strong><em>\u00a0<\/em><\/strong>No se sabe con exactitud la fecha en la que el Embajador y su s\u00e9quito partieron hacia Madrid, aunque se supone que fue entre el 21 y el 25 de noviembre. Durante el camino hicieron paradas protocolarias en C\u00f3rdoba y Toledo, donde tambi\u00e9n se les rindieron grandes honores. Por fin, el 20 de diciembre, en medio de una ola de fr\u00edo y grandes nevadas, Hasekura Tsunenaga entra en Madrid, aloj\u00e1ndose en el Convento de San Francisco, tal y como hab\u00eda dispuesto el Rey.<\/p>\n<p>Mientras todos estos acontecimientos ten\u00edan lugar, el Consejo de Indias, un \u00f3rgano asesor de la Corona en cuestiones relacionadas con el Nuevo Mundo, debati\u00f3 sobre la estancia de la embajada, examinando con detalle las informaciones que conten\u00edan las cartas que desde M\u00e9xico hab\u00edan enviado Sebasti\u00e1n Vizca\u00edno y el nuevo Virrey, Marqu\u00e9s de Guadalcazar, as\u00ed como las remitidas desde Sevilla por Don Francisco de Huarte, factor de la Casa de Contrataci\u00f3n. Despu\u00e9s de discutir ampliamente sobre el tema, el Consejo de Indias decidi\u00f3 considerar a la embajada de Hasekura Tsunenaga como de segundo nivel, al haber sido enviada por el rey de Boju, nombre que se daba en los documentos espa\u00f1oles de la \u00e9poca al territorio de Mutsu y del cual era se\u00f1or Date Masamune, y no por el propio emperador de Jap\u00f3n.<\/p>\n<p>Una vez en Madrid, siendo recibido con la categor\u00eda de embajador de un principado menor, Hasekura transmiti\u00f3 al Rey el mensaje de Masmune pidiendo que se le enviasen religiosos as\u00ed como la protecci\u00f3n de la Corona para el comercio entre su feudo y Nueva Espa\u00f1a. El rey escuch\u00f3 con atenci\u00f3n las peticiones del embajador pero deleg\u00f3 cualquier decisi\u00f3n en la Casa de Contrataci\u00f3n, la cual hab\u00eda decidido de antemano dar largas sobre el tema.<\/p>\n<p>Mientras esperaba una resoluci\u00f3n, el embajador fue bautizado el 17 de febrero de 1.615 en el Monasterio de las Descalzas Reales siendo sus padrinos el Duque de Lerma y la Condesa de Barajas, adoptando el nombre cristianizado de Felipe Francisco Hasekura.<\/p>\n<p><strong><em>PROSIGUE EL VIAJE<\/em><\/strong><\/p>\n<p>Finalmente, en el mes de agosto de 1615, tras permanecer m\u00e1s de ocho meses en la Corte y despu\u00e9s de m\u00faltiples gestiones, Sotelo consigue la licencia para que la embajada pueda partir hacia Roma para entrevistarse con el Papa, as\u00ed como un subsidio de cuatro mil ducados para sufragar el viaje.<\/p>\n<p>La misi\u00f3n se embarc\u00f3 a bordo de tres fragatas para surcar el Mediterr\u00e1neo con rumbo a Italia. Pero el mal tiempo, que parec\u00eda perseguir a la embajada durante todo su periplo, los oblig\u00f3 a desembarcar en el puerto de Saint-Tropez, donde fueron recibidos por la nobleza local y llamaron la atenci\u00f3n del pueblo. La visita fue recogida en la historia de la ciudad y algunos detalles pintorescos fueron recopilados en la cr\u00f3nica de la \u00e9poca conocida como <em>\u201cRelaciones de Madame de Saint Tropez\u201d <\/em>que se conserva en la Bibliotheque Inguimbertine en la ciudad de Carpentras. En ella se dice sobre los ex\u00f3ticos visitantes que <em>\u201cnunca tocaban la comida con sus dedos, sino que usaban dos peque\u00f1as varas que ellos sujetaban con tres dedos\u2026Soplaban sus narices en papeles de seda suave del tama\u00f1o de una mano, que nunca usaban dos veces, as\u00ed que ellos los arrojaban al suelo despu\u00e9s de usarlos, y ellos estaban contentos de ver a nuestra gente alrededor precipit\u00e1ndose a recogerlos\u2026\u201d<\/em>.<\/p>\n<p>La embajada prosigui\u00f3 su camino y el 3 de noviembre de 1615 fue presentada por el cardenal Borghese ante el papa Pablo V. La recepci\u00f3n fue cordial, accediendo la Santa Sede al env\u00edo de misioneros, pero sin comprometerse en ning\u00fan aspecto relacionado con el intercambio comercial o el nombramiento de nuevos obispos, obedeciendo as\u00ed a los deseos de la Corte espa\u00f1ola. <em>\u00a0\u00a0<\/em><\/p>\n<p><strong><em>REGRESO A ESPA\u00d1A<\/em><\/strong><\/p>\n<p>Despu\u00e9s de la audiencia papal, el embajador y su s\u00e9quito iniciaron el viaje de regreso, partiendo hacia el puerto de G\u00e9nova, donde llegaron a principios de febrero de aquel mismo a\u00f1o, con la intenci\u00f3n de embarcar rumbo a Espa\u00f1a. Cuando despu\u00e9s de m\u00faltiples vicisitudes consiguen llegar a Sevilla, la situaci\u00f3n hab\u00eda cambiado sustancialmente. Los buenos deseos con los que en un principio se quisieron establecer relaciones comerciales y diplom\u00e1ticas entre Jap\u00f3n y Espa\u00f1a, manifestados expresamente por ambas partes, hab\u00edan dado paso al recelo y el desencuentro de posturas, motivados por la negativa espa\u00f1ola a considerar como <em>oficial <\/em>la misi\u00f3n de Hasekura y por el edicto que el shogun Tokugawa Ieyasu hab\u00eda promulgado en enero de 1.614, ordenando la expulsi\u00f3n de los misioneros del Jap\u00f3n, lo que hab\u00eda provocado la persecuci\u00f3n del cristianismo por todo el pa\u00eds.<\/p>\n<p>Tras meses de dilaciones, algunas provocadas por cierta mala fe de las partes implicadas y otras, por circunstancias imprevistas, Hasekura y su inseparable fray Luis Sotelo embarcan con la flota que parte el 4 de julio de 1.617 rumbo a Nueva Espa\u00f1a. De los veinti\u00fan japoneses para cuya salida se pidi\u00f3 licencia al Rey en 1.616, s\u00f3lo hay constancia de que embarcasen diecinueve. Hay que tener en cuenta que cuando la embajada llega a Espa\u00f1a en 1614 estaba compuesta por un s\u00e9quito de al menos treinta japoneses. Estos datos demostrar\u00edan que no todos los acompa\u00f1antes de Hasekura regresaron con \u00e9l, qued\u00e1ndose algunos miembros de la delegaci\u00f3n en Espa\u00f1a, posiblemente en pleno Aljarafe, donde se integraron plenamente en la sociedad de la \u00e9poca.<\/p>\n<p>Posiblemente, algunos de ellos se instalaron en Coria del R\u00edo, poblaci\u00f3n muy pr\u00f3xima a Sevilla, donde siempre tendr\u00edan la posibilidad de embarcarse a Indias y regresar a su pa\u00eds, opci\u00f3n que muy pronto quedar\u00eda descartada definitivamente cuando Jap\u00f3n entr\u00f3 en el periodo de su historia conocido como <em>Sakoku, <\/em>de total aislamiento con el exterior. Aunque no existe la certeza plena de que esto fuera as\u00ed, documentos\u00a0 conservados en el Archivo Municipal de dicha poblaci\u00f3n as\u00ed lo atestiguan, al aparecer con cierta asiduidad el apellido <em>Jap\u00f3n<\/em> entre sus habitantes empadronados a partir de 1.647.<\/p>\n<p><strong><em>EL FIN DE UNA AVENTURA<\/em><\/strong><\/p>\n<p>Cuando los protagonistas de esta historia llegaron a M\u00e9xico, no embarcaron directamente hacia Jap\u00f3n. En abril de 1.618 el gale\u00f3n San Juan Bautista lleg\u00f3 a las Filipinas con Hasekura y Sotelo a bordo. En 1620 el embajador obtuvo licencia para regresar de nuevo a Jap\u00f3n. Despu\u00e9s de quedar documentado que volvi\u00f3 a su dominio al Noroeste del pa\u00eds, los archivos japoneses guardan silencio respecto a su vida. Lo que le ocurri\u00f3 a Hasekura durante sus \u00faltimos a\u00f1os se haya oculto bajo una capa de espesa niebla, existiendo versiones contradictorias. Algunas fuentes afirman que, debido a las persecuciones, abandon\u00f3 definitivamente el cristianismo. Otras se\u00f1alan que muri\u00f3 siendo martirizado por su fe, mientras que algunos apuntan que continu\u00f3 practicando el cristianismo en secreto. El \u00fanico dato cierto es que Hasekura muri\u00f3 en 1622 y su tumba se conserva en el templo budista de Enfukuji en la prefectura de Miyagi situada al noroeste de Tokio, cerca de Sendai.<\/p>\n<p>A pesar del fracaso de la embajada y de la falta de apoyo a sus pretensiones por parte de las autoridades espa\u00f1olas, Sotelo estaba decidido a continuar con su labor evangelizadora en Jap\u00f3n. Despu\u00e9s de permanecer en Filipinas cuatro a\u00f1os, el franciscano parte de nuevo rumbo a Jap\u00f3n disfrazado de comerciante y acompa\u00f1ado por dos j\u00f3venes conversos japoneses a bordo de un barco chino. En septiembre de 1622, al llegar a la costa cerca de Nagasaki, el capit\u00e1n del barco los delata y entrega a las autoridades japonesas. Sotelo y sus acompa\u00f1antes son encarcelados en Omura por orden especial del shogun Tokugawa, que a\u00fan deb\u00eda guardar recuerdo de la falta de tacto del primer representante enviado por Espa\u00f1a, el general Sebasti\u00e1n Vizca\u00edno, y del trato dispensado a la embajada japonesa en la Corte espa\u00f1ola.<\/p>\n<p><img loading=\"lazy\" decoding=\"async\" class=\" wp-image-1008 aligncenter\" src=\"https:\/\/www.antiguorincon.com\/blog\/wp-content\/uploads\/2020\/06\/santos-martires-japon-300x198.jpg\" alt=\"\" width=\"467\" height=\"308\" srcset=\"https:\/\/www.antiguorincon.com\/blog\/wp-content\/uploads\/2020\/06\/santos-martires-japon-300x198.jpg 300w, https:\/\/www.antiguorincon.com\/blog\/wp-content\/uploads\/2020\/06\/santos-martires-japon-768x506.jpg 768w, https:\/\/www.antiguorincon.com\/blog\/wp-content\/uploads\/2020\/06\/santos-martires-japon.jpg 1024w\" sizes=\"auto, (max-width: 467px) 100vw, 467px\" \/><\/p>\n<p>Tras veintid\u00f3s meses de cautiverio, el 25 de agosto de 1624, Fray Luis Sotelo junto con el jesuita Miguel Carballo, el dominico Pedro V\u00e1zquez y los dos j\u00f3venes conversos, son quemados vivos convirti\u00e9ndose en m\u00e1rtires. <strong>El sue\u00f1o de Sotelo de convertir al cristianismo al Jap\u00f3n terminaba de forma dram\u00e1tica. El papa P\u00edo IX beatific\u00f3 en 1867 al esforzado y un tanto ambicioso monje franciscano<\/strong>.<\/p>\n<p>Jos\u00e9 Luis Hern\u00e1ndez Garvi.\u00a0 \u00a0 Escritor.<\/p>\n<p><strong>Nuevo libro: el escritor Jos\u00e9 Luis Hern\u00e1ndez Garvi presenta un ensayo sobre los extranjeros que sirvieron bajo las \u00f3rdenes de la Monarqu\u00eda <\/strong><strong>Borb\u00f3nica en nuestro pa\u00eds.<\/strong><\/p>\n<p><a href=\"https:\/\/www.antiguorincon.com\/inicio\/nunca-fueron-extranos-jose-luis-fernandez-garvi-9665?search_query=nunca+fueron&amp;results=91\"><img loading=\"lazy\" decoding=\"async\" class=\"size-medium wp-image-1002 alignright\" src=\"https:\/\/www.antiguorincon.com\/blog\/wp-content\/uploads\/2020\/06\/portada-nunca-fueron-extra\u00f1os-186x300.jpg\" alt=\"\" width=\"186\" height=\"300\" srcset=\"https:\/\/www.antiguorincon.com\/blog\/wp-content\/uploads\/2020\/06\/portada-nunca-fueron-extra\u00f1os-186x300.jpg 186w, https:\/\/www.antiguorincon.com\/blog\/wp-content\/uploads\/2020\/06\/portada-nunca-fueron-extra\u00f1os.jpg 297w\" sizes=\"auto, (max-width: 186px) 100vw, 186px\" \/><\/a><\/p>\n<p><a href=\"https:\/\/www.antiguorincon.com\/inicio\/nunca-fueron-extranos-jose-luis-fernandez-garvi-9665?search_query=nunca+fueron&amp;results=91\"><strong>Nunca fueron extra\u00f1os<\/strong><\/a>. Extranjeros a las \u00f3rdenes de los Borbones en la Espa\u00f1a del XVIII es el t\u00edtulo bajo el que Garvi recopila una apasionante lista de personajes de procedencias diversas que,<br \/>\ninstalados dentro de nuestras fronteras y situados en los c\u00edrculos pr\u00f3ximos al poder de la Corte<br \/>\nmadrile\u00f1a, contribuyeron al engrandecimiento de Espa\u00f1a.<\/p>\n<p><strong>\u00bfQuieres publicar tus art\u00edculos o trabajos con tus datos para darte a conocer en nuestro\u00a0<a href=\"https:\/\/www.antiguorincon.com\/blog\/\">Blog de AntiguoRincon.com<\/a>? Env\u00edanoslos a antiguorincon@gmail.com<\/strong><\/p>\n<p><strong>Miles de personas nos visitan semanalmente.<\/strong><\/p>\n","protected":false},"excerpt":{"rendered":"<p>Qui\u00e9n de un paseo por las calles de la poblaci\u00f3n de Coria del R\u00edo, situada en la provincia de Sevilla, tal vez se sorprenda al encontrarse con la estatua dedicada a la memoria de un samurai, Hasekura Tsunenaga, y se pregunte por los motivos que impulsaron a erigirla en una ciudad tan lejana, en distancia [&hellip;]<\/p>\n","protected":false},"author":3,"featured_media":1004,"comment_status":"closed","ping_status":"closed","sticky":false,"template":"","format":"standard","meta":{"footnotes":""},"categories":[3,11,55,111],"tags":[175,177,178,174,176],"class_list":["post-992","post","type-post","status-publish","format-standard","has-post-thumbnail","hentry","category-antiguedades","category-curiosidades","category-edad-moderna-s-xv-xviii","category-grandes-civilizaciones","tag-coria-del-rio","tag-hasekura","tag-japon","tag-samurai","tag-sevilla"],"yoast_head":"<!-- This site is optimized with the Yoast SEO plugin v27.3 - https:\/\/yoast.com\/product\/yoast-seo-wordpress\/ -->\n<title>SAMURAIS EN SEVILLA. LA EMBAJADA DE HASEKURA TSUNENAGA - Blog de AntiguoRincon.com Historia, cultura y curiosidades.<\/title>\n<meta name=\"description\" content=\"Qui\u00e9n de un paseo por las calles de la poblaci\u00f3n de Coria del R\u00edo, situada en la provincia de Sevilla, tal vez se sorprenda al encontrarse con la estatua dedicada a la memoria de un samurai, Hasekura Tsunenaga, y se pregunte por los motivos que impulsaron a erigirla en una ciudad tan lejana, en distancia y costumbres, de Jap\u00f3n. Puede que tambi\u00e9n le llame la atenci\u00f3n descubrir, entre los pobladores de la ciudad sevillana, personas que presumen de tener el apellido Jap\u00f3n en su nombre.\" \/>\n<meta name=\"robots\" content=\"index, follow, max-snippet:-1, max-image-preview:large, max-video-preview:-1\" \/>\n<link rel=\"canonical\" href=\"https:\/\/www.antiguorincon.com\/blog\/samurais-en-sevilla-la-embajada-de-hasekura-tsunenaga\/\" \/>\n<meta property=\"og:locale\" content=\"es_ES\" \/>\n<meta property=\"og:type\" content=\"article\" \/>\n<meta property=\"og:title\" content=\"SAMURAIS EN SEVILLA. LA EMBAJADA DE HASEKURA TSUNENAGA - Blog de AntiguoRincon.com Historia, cultura y curiosidades.\" \/>\n<meta property=\"og:description\" content=\"Qui\u00e9n de un paseo por las calles de la poblaci\u00f3n de Coria del R\u00edo, situada en la provincia de Sevilla, tal vez se sorprenda al encontrarse con la estatua dedicada a la memoria de un samurai, Hasekura Tsunenaga, y se pregunte por los motivos que impulsaron a erigirla en una ciudad tan lejana, en distancia y costumbres, de Jap\u00f3n. Puede que tambi\u00e9n le llame la atenci\u00f3n descubrir, entre los pobladores de la ciudad sevillana, personas que presumen de tener el apellido Jap\u00f3n en su nombre.\" \/>\n<meta property=\"og:url\" content=\"https:\/\/www.antiguorincon.com\/blog\/samurais-en-sevilla-la-embajada-de-hasekura-tsunenaga\/\" \/>\n<meta property=\"og:site_name\" content=\"Blog de AntiguoRincon.com Historia, cultura y curiosidades.\" \/>\n<meta property=\"article:publisher\" content=\"https:\/\/www.facebook.com\/antiguorinconcom\" \/>\n<meta property=\"article:published_time\" content=\"2024-03-02T18:30:58+00:00\" \/>\n<meta property=\"og:image\" content=\"https:\/\/www.antiguorincon.com\/blog\/wp-content\/uploads\/2020\/06\/japon-en-coria-del-rio.jpg\" \/>\n\t<meta property=\"og:image:width\" content=\"512\" \/>\n\t<meta property=\"og:image:height\" content=\"343\" \/>\n\t<meta property=\"og:image:type\" content=\"image\/jpeg\" \/>\n<meta name=\"author\" content=\"rafa\" \/>\n<meta name=\"twitter:card\" content=\"summary_large_image\" \/>\n<meta name=\"twitter:creator\" content=\"@antiguorincon\" \/>\n<meta name=\"twitter:site\" content=\"@antiguorincon\" \/>\n<meta name=\"twitter:label1\" content=\"Escrito por\" \/>\n\t<meta name=\"twitter:data1\" content=\"rafa\" \/>\n\t<meta name=\"twitter:label2\" content=\"Tiempo de lectura\" \/>\n\t<meta name=\"twitter:data2\" content=\"16 minutos\" \/>\n<script type=\"application\/ld+json\" class=\"yoast-schema-graph\">{\"@context\":\"https:\\\/\\\/schema.org\",\"@graph\":[{\"@type\":\"Article\",\"@id\":\"https:\\\/\\\/www.antiguorincon.com\\\/blog\\\/samurais-en-sevilla-la-embajada-de-hasekura-tsunenaga\\\/#article\",\"isPartOf\":{\"@id\":\"https:\\\/\\\/www.antiguorincon.com\\\/blog\\\/samurais-en-sevilla-la-embajada-de-hasekura-tsunenaga\\\/\"},\"author\":{\"name\":\"rafa\",\"@id\":\"https:\\\/\\\/www.antiguorincon.com\\\/blog\\\/#\\\/schema\\\/person\\\/196cf451e97f5dc8fc15d66c0e365246\"},\"headline\":\"SAMURAIS EN SEVILLA. LA EMBAJADA DE HASEKURA TSUNENAGA\",\"datePublished\":\"2024-03-02T18:30:58+00:00\",\"mainEntityOfPage\":{\"@id\":\"https:\\\/\\\/www.antiguorincon.com\\\/blog\\\/samurais-en-sevilla-la-embajada-de-hasekura-tsunenaga\\\/\"},\"wordCount\":3362,\"image\":{\"@id\":\"https:\\\/\\\/www.antiguorincon.com\\\/blog\\\/samurais-en-sevilla-la-embajada-de-hasekura-tsunenaga\\\/#primaryimage\"},\"thumbnailUrl\":\"https:\\\/\\\/www.antiguorincon.com\\\/blog\\\/wp-content\\\/uploads\\\/2020\\\/06\\\/japon-en-coria-del-rio.jpg\",\"keywords\":[\"coria del rio\",\"Hasekura\",\"jap\u00f3n\",\"samurai\",\"sevilla\"],\"articleSection\":[\"Antig\u00fcedades\",\"Curiosidades\",\"Edad Moderna s. XV- XVIII\",\"Grandes Civilizaciones\"],\"inLanguage\":\"es\"},{\"@type\":\"WebPage\",\"@id\":\"https:\\\/\\\/www.antiguorincon.com\\\/blog\\\/samurais-en-sevilla-la-embajada-de-hasekura-tsunenaga\\\/\",\"url\":\"https:\\\/\\\/www.antiguorincon.com\\\/blog\\\/samurais-en-sevilla-la-embajada-de-hasekura-tsunenaga\\\/\",\"name\":\"SAMURAIS EN SEVILLA. LA EMBAJADA DE HASEKURA TSUNENAGA - Blog de AntiguoRincon.com Historia, cultura y curiosidades.\",\"isPartOf\":{\"@id\":\"https:\\\/\\\/www.antiguorincon.com\\\/blog\\\/#website\"},\"primaryImageOfPage\":{\"@id\":\"https:\\\/\\\/www.antiguorincon.com\\\/blog\\\/samurais-en-sevilla-la-embajada-de-hasekura-tsunenaga\\\/#primaryimage\"},\"image\":{\"@id\":\"https:\\\/\\\/www.antiguorincon.com\\\/blog\\\/samurais-en-sevilla-la-embajada-de-hasekura-tsunenaga\\\/#primaryimage\"},\"thumbnailUrl\":\"https:\\\/\\\/www.antiguorincon.com\\\/blog\\\/wp-content\\\/uploads\\\/2020\\\/06\\\/japon-en-coria-del-rio.jpg\",\"datePublished\":\"2024-03-02T18:30:58+00:00\",\"author\":{\"@id\":\"https:\\\/\\\/www.antiguorincon.com\\\/blog\\\/#\\\/schema\\\/person\\\/196cf451e97f5dc8fc15d66c0e365246\"},\"description\":\"Qui\u00e9n de un paseo por las calles de la poblaci\u00f3n de Coria del R\u00edo, situada en la provincia de Sevilla, tal vez se sorprenda al encontrarse con la estatua dedicada a la memoria de un samurai, Hasekura Tsunenaga, y se pregunte por los motivos que impulsaron a erigirla en una ciudad tan lejana, en distancia y costumbres, de Jap\u00f3n. Puede que tambi\u00e9n le llame la atenci\u00f3n descubrir, entre los pobladores de la ciudad sevillana, personas que presumen de tener el apellido Jap\u00f3n en su nombre.\",\"breadcrumb\":{\"@id\":\"https:\\\/\\\/www.antiguorincon.com\\\/blog\\\/samurais-en-sevilla-la-embajada-de-hasekura-tsunenaga\\\/#breadcrumb\"},\"inLanguage\":\"es\",\"potentialAction\":[{\"@type\":\"ReadAction\",\"target\":[\"https:\\\/\\\/www.antiguorincon.com\\\/blog\\\/samurais-en-sevilla-la-embajada-de-hasekura-tsunenaga\\\/\"]}]},{\"@type\":\"ImageObject\",\"inLanguage\":\"es\",\"@id\":\"https:\\\/\\\/www.antiguorincon.com\\\/blog\\\/samurais-en-sevilla-la-embajada-de-hasekura-tsunenaga\\\/#primaryimage\",\"url\":\"https:\\\/\\\/www.antiguorincon.com\\\/blog\\\/wp-content\\\/uploads\\\/2020\\\/06\\\/japon-en-coria-del-rio.jpg\",\"contentUrl\":\"https:\\\/\\\/www.antiguorincon.com\\\/blog\\\/wp-content\\\/uploads\\\/2020\\\/06\\\/japon-en-coria-del-rio.jpg\",\"width\":512,\"height\":343},{\"@type\":\"BreadcrumbList\",\"@id\":\"https:\\\/\\\/www.antiguorincon.com\\\/blog\\\/samurais-en-sevilla-la-embajada-de-hasekura-tsunenaga\\\/#breadcrumb\",\"itemListElement\":[{\"@type\":\"ListItem\",\"position\":1,\"name\":\"Blog\",\"item\":\"https:\\\/\\\/www.antiguorincon.com\\\/blog\\\/\"},{\"@type\":\"ListItem\",\"position\":2,\"name\":\"SAMURAIS EN SEVILLA. LA EMBAJADA DE HASEKURA TSUNENAGA\"}]},{\"@type\":\"WebSite\",\"@id\":\"https:\\\/\\\/www.antiguorincon.com\\\/blog\\\/#website\",\"url\":\"https:\\\/\\\/www.antiguorincon.com\\\/blog\\\/\",\"name\":\"Blog AntiguoRincon.com\",\"description\":\"Blog de AntiguoRincon.com  Historia, cultura y curiosidades.\",\"potentialAction\":[{\"@type\":\"SearchAction\",\"target\":{\"@type\":\"EntryPoint\",\"urlTemplate\":\"https:\\\/\\\/www.antiguorincon.com\\\/blog\\\/?s={search_term_string}\"},\"query-input\":{\"@type\":\"PropertyValueSpecification\",\"valueRequired\":true,\"valueName\":\"search_term_string\"}}],\"inLanguage\":\"es\"},{\"@type\":\"Person\",\"@id\":\"https:\\\/\\\/www.antiguorincon.com\\\/blog\\\/#\\\/schema\\\/person\\\/196cf451e97f5dc8fc15d66c0e365246\",\"name\":\"rafa\"}]}<\/script>\n<!-- \/ Yoast SEO plugin. -->","yoast_head_json":{"title":"SAMURAIS EN SEVILLA. LA EMBAJADA DE HASEKURA TSUNENAGA - Blog de AntiguoRincon.com Historia, cultura y curiosidades.","description":"Qui\u00e9n de un paseo por las calles de la poblaci\u00f3n de Coria del R\u00edo, situada en la provincia de Sevilla, tal vez se sorprenda al encontrarse con la estatua dedicada a la memoria de un samurai, Hasekura Tsunenaga, y se pregunte por los motivos que impulsaron a erigirla en una ciudad tan lejana, en distancia y costumbres, de Jap\u00f3n. Puede que tambi\u00e9n le llame la atenci\u00f3n descubrir, entre los pobladores de la ciudad sevillana, personas que presumen de tener el apellido Jap\u00f3n en su nombre.","robots":{"index":"index","follow":"follow","max-snippet":"max-snippet:-1","max-image-preview":"max-image-preview:large","max-video-preview":"max-video-preview:-1"},"canonical":"https:\/\/www.antiguorincon.com\/blog\/samurais-en-sevilla-la-embajada-de-hasekura-tsunenaga\/","og_locale":"es_ES","og_type":"article","og_title":"SAMURAIS EN SEVILLA. LA EMBAJADA DE HASEKURA TSUNENAGA - Blog de AntiguoRincon.com Historia, cultura y curiosidades.","og_description":"Qui\u00e9n de un paseo por las calles de la poblaci\u00f3n de Coria del R\u00edo, situada en la provincia de Sevilla, tal vez se sorprenda al encontrarse con la estatua dedicada a la memoria de un samurai, Hasekura Tsunenaga, y se pregunte por los motivos que impulsaron a erigirla en una ciudad tan lejana, en distancia y costumbres, de Jap\u00f3n. Puede que tambi\u00e9n le llame la atenci\u00f3n descubrir, entre los pobladores de la ciudad sevillana, personas que presumen de tener el apellido Jap\u00f3n en su nombre.","og_url":"https:\/\/www.antiguorincon.com\/blog\/samurais-en-sevilla-la-embajada-de-hasekura-tsunenaga\/","og_site_name":"Blog de AntiguoRincon.com Historia, cultura y curiosidades.","article_publisher":"https:\/\/www.facebook.com\/antiguorinconcom","article_published_time":"2024-03-02T18:30:58+00:00","og_image":[{"width":512,"height":343,"url":"https:\/\/www.antiguorincon.com\/blog\/wp-content\/uploads\/2020\/06\/japon-en-coria-del-rio.jpg","type":"image\/jpeg"}],"author":"rafa","twitter_card":"summary_large_image","twitter_creator":"@antiguorincon","twitter_site":"@antiguorincon","twitter_misc":{"Escrito por":"rafa","Tiempo de lectura":"16 minutos"},"schema":{"@context":"https:\/\/schema.org","@graph":[{"@type":"Article","@id":"https:\/\/www.antiguorincon.com\/blog\/samurais-en-sevilla-la-embajada-de-hasekura-tsunenaga\/#article","isPartOf":{"@id":"https:\/\/www.antiguorincon.com\/blog\/samurais-en-sevilla-la-embajada-de-hasekura-tsunenaga\/"},"author":{"name":"rafa","@id":"https:\/\/www.antiguorincon.com\/blog\/#\/schema\/person\/196cf451e97f5dc8fc15d66c0e365246"},"headline":"SAMURAIS EN SEVILLA. LA EMBAJADA DE HASEKURA TSUNENAGA","datePublished":"2024-03-02T18:30:58+00:00","mainEntityOfPage":{"@id":"https:\/\/www.antiguorincon.com\/blog\/samurais-en-sevilla-la-embajada-de-hasekura-tsunenaga\/"},"wordCount":3362,"image":{"@id":"https:\/\/www.antiguorincon.com\/blog\/samurais-en-sevilla-la-embajada-de-hasekura-tsunenaga\/#primaryimage"},"thumbnailUrl":"https:\/\/www.antiguorincon.com\/blog\/wp-content\/uploads\/2020\/06\/japon-en-coria-del-rio.jpg","keywords":["coria del rio","Hasekura","jap\u00f3n","samurai","sevilla"],"articleSection":["Antig\u00fcedades","Curiosidades","Edad Moderna s. XV- XVIII","Grandes Civilizaciones"],"inLanguage":"es"},{"@type":"WebPage","@id":"https:\/\/www.antiguorincon.com\/blog\/samurais-en-sevilla-la-embajada-de-hasekura-tsunenaga\/","url":"https:\/\/www.antiguorincon.com\/blog\/samurais-en-sevilla-la-embajada-de-hasekura-tsunenaga\/","name":"SAMURAIS EN SEVILLA. LA EMBAJADA DE HASEKURA TSUNENAGA - Blog de AntiguoRincon.com Historia, cultura y curiosidades.","isPartOf":{"@id":"https:\/\/www.antiguorincon.com\/blog\/#website"},"primaryImageOfPage":{"@id":"https:\/\/www.antiguorincon.com\/blog\/samurais-en-sevilla-la-embajada-de-hasekura-tsunenaga\/#primaryimage"},"image":{"@id":"https:\/\/www.antiguorincon.com\/blog\/samurais-en-sevilla-la-embajada-de-hasekura-tsunenaga\/#primaryimage"},"thumbnailUrl":"https:\/\/www.antiguorincon.com\/blog\/wp-content\/uploads\/2020\/06\/japon-en-coria-del-rio.jpg","datePublished":"2024-03-02T18:30:58+00:00","author":{"@id":"https:\/\/www.antiguorincon.com\/blog\/#\/schema\/person\/196cf451e97f5dc8fc15d66c0e365246"},"description":"Qui\u00e9n de un paseo por las calles de la poblaci\u00f3n de Coria del R\u00edo, situada en la provincia de Sevilla, tal vez se sorprenda al encontrarse con la estatua dedicada a la memoria de un samurai, Hasekura Tsunenaga, y se pregunte por los motivos que impulsaron a erigirla en una ciudad tan lejana, en distancia y costumbres, de Jap\u00f3n. Puede que tambi\u00e9n le llame la atenci\u00f3n descubrir, entre los pobladores de la ciudad sevillana, personas que presumen de tener el apellido Jap\u00f3n en su nombre.","breadcrumb":{"@id":"https:\/\/www.antiguorincon.com\/blog\/samurais-en-sevilla-la-embajada-de-hasekura-tsunenaga\/#breadcrumb"},"inLanguage":"es","potentialAction":[{"@type":"ReadAction","target":["https:\/\/www.antiguorincon.com\/blog\/samurais-en-sevilla-la-embajada-de-hasekura-tsunenaga\/"]}]},{"@type":"ImageObject","inLanguage":"es","@id":"https:\/\/www.antiguorincon.com\/blog\/samurais-en-sevilla-la-embajada-de-hasekura-tsunenaga\/#primaryimage","url":"https:\/\/www.antiguorincon.com\/blog\/wp-content\/uploads\/2020\/06\/japon-en-coria-del-rio.jpg","contentUrl":"https:\/\/www.antiguorincon.com\/blog\/wp-content\/uploads\/2020\/06\/japon-en-coria-del-rio.jpg","width":512,"height":343},{"@type":"BreadcrumbList","@id":"https:\/\/www.antiguorincon.com\/blog\/samurais-en-sevilla-la-embajada-de-hasekura-tsunenaga\/#breadcrumb","itemListElement":[{"@type":"ListItem","position":1,"name":"Blog","item":"https:\/\/www.antiguorincon.com\/blog\/"},{"@type":"ListItem","position":2,"name":"SAMURAIS EN SEVILLA. LA EMBAJADA DE HASEKURA TSUNENAGA"}]},{"@type":"WebSite","@id":"https:\/\/www.antiguorincon.com\/blog\/#website","url":"https:\/\/www.antiguorincon.com\/blog\/","name":"Blog AntiguoRincon.com","description":"Blog de AntiguoRincon.com  Historia, cultura y curiosidades.","potentialAction":[{"@type":"SearchAction","target":{"@type":"EntryPoint","urlTemplate":"https:\/\/www.antiguorincon.com\/blog\/?s={search_term_string}"},"query-input":{"@type":"PropertyValueSpecification","valueRequired":true,"valueName":"search_term_string"}}],"inLanguage":"es"},{"@type":"Person","@id":"https:\/\/www.antiguorincon.com\/blog\/#\/schema\/person\/196cf451e97f5dc8fc15d66c0e365246","name":"rafa"}]}},"_links":{"self":[{"href":"https:\/\/www.antiguorincon.com\/blog\/wp-json\/wp\/v2\/posts\/992","targetHints":{"allow":["GET"]}}],"collection":[{"href":"https:\/\/www.antiguorincon.com\/blog\/wp-json\/wp\/v2\/posts"}],"about":[{"href":"https:\/\/www.antiguorincon.com\/blog\/wp-json\/wp\/v2\/types\/post"}],"author":[{"embeddable":true,"href":"https:\/\/www.antiguorincon.com\/blog\/wp-json\/wp\/v2\/users\/3"}],"replies":[{"embeddable":true,"href":"https:\/\/www.antiguorincon.com\/blog\/wp-json\/wp\/v2\/comments?post=992"}],"version-history":[{"count":10,"href":"https:\/\/www.antiguorincon.com\/blog\/wp-json\/wp\/v2\/posts\/992\/revisions"}],"predecessor-version":[{"id":1013,"href":"https:\/\/www.antiguorincon.com\/blog\/wp-json\/wp\/v2\/posts\/992\/revisions\/1013"}],"wp:featuredmedia":[{"embeddable":true,"href":"https:\/\/www.antiguorincon.com\/blog\/wp-json\/wp\/v2\/media\/1004"}],"wp:attachment":[{"href":"https:\/\/www.antiguorincon.com\/blog\/wp-json\/wp\/v2\/media?parent=992"}],"wp:term":[{"taxonomy":"category","embeddable":true,"href":"https:\/\/www.antiguorincon.com\/blog\/wp-json\/wp\/v2\/categories?post=992"},{"taxonomy":"post_tag","embeddable":true,"href":"https:\/\/www.antiguorincon.com\/blog\/wp-json\/wp\/v2\/tags?post=992"}],"curies":[{"name":"wp","href":"https:\/\/api.w.org\/{rel}","templated":true}]}}