{"id":1415,"date":"2024-06-20T18:30:42","date_gmt":"2024-06-20T18:30:42","guid":{"rendered":"https:\/\/www.antiguorincon.com\/blog\/?p=1415"},"modified":"2024-06-16T09:16:12","modified_gmt":"2024-06-16T09:16:12","slug":"el-enigmatico-cristobal-colon","status":"publish","type":"post","link":"https:\/\/www.antiguorincon.com\/blog\/el-enigmatico-cristobal-colon\/","title":{"rendered":"El enigm\u00e1tico Crist\u00f3bal Col\u00f3n"},"content":{"rendered":"\n\t\t\t<!-- START Post 160720 11 1 1 1 1 1 1 1 REVOLUTION SLIDER 6.7.34 --><p class=\"rs-p-wp-fix\"><\/p>\n\t\t\t<rs-module-wrap id=\"rev_slider_80_1_wrapper\" data-source=\"gallery\" style=\"visibility:hidden;background:transparent;padding:0;margin:0px auto;margin-top:0;margin-bottom:0;\">\n\t\t\t\t<rs-module id=\"rev_slider_80_1\" style=\"\" data-version=\"6.7.34\">\n\t\t\t\t\t<rs-slides style=\"overflow: hidden; position: absolute;\">\n\t\t\t\t\t\t<rs-slide style=\"position: absolute;\" data-key=\"rs-273\" data-title=\"prado\" data-anim=\"r:0;\" data-in=\"x:100%;\">\n\t\t\t\t\t\t\t<img decoding=\"async\" src=\"\/\/www.antiguorincon.com\/blog\/wp-content\/plugins\/revslider\/sr6\/assets\/assets\/dummy.png\" alt=\"\" title=\"carabelas Colon\" width=\"655\" height=\"368\" class=\"rev-slidebg tp-rs-img rs-lazyload\" data-lazyload=\"\/\/www.antiguorincon.com\/blog\/wp-content\/uploads\/2020\/10\/carabelas-Colon.jpg\" data-no-retina>\n<!---->\t\t\t\t\t<\/rs-slide>\n\t\t\t\t\t\t<rs-slide style=\"position: absolute;\" data-key=\"rs-274\" data-title=\"thyssen\" data-anim=\"ms:1000;r:0;\" data-in=\"o:0;\" data-out=\"a:false;\">\n\t\t\t\t\t\t\t<img decoding=\"async\" src=\"\/\/www.antiguorincon.com\/blog\/wp-content\/plugins\/revslider\/sr6\/assets\/assets\/dummy.png\" alt=\"\" title=\"Col\u00f3n1\" width=\"622\" height=\"390\" class=\"rev-slidebg tp-rs-img rs-lazyload\" data-lazyload=\"\/\/www.antiguorincon.com\/blog\/wp-content\/uploads\/2020\/10\/Col\u00f3n1.jpg\" data-no-retina>\n<!---->\t\t\t\t\t<\/rs-slide>\n\t\t\t\t\t\t<rs-slide style=\"position: absolute;\" data-key=\"rs-275\" data-title=\"dali\" data-anim=\"ms:1000;r:0;\" data-in=\"o:0;\" data-out=\"a:false;\">\n\t\t\t\t\t\t\t<img decoding=\"async\" src=\"\/\/www.antiguorincon.com\/blog\/wp-content\/plugins\/revslider\/sr6\/assets\/assets\/dummy.png\" alt=\"\" title=\"Col\u00f3n (cuadro de D. Puebla 1862)\" width=\"624\" height=\"390\" class=\"rev-slidebg tp-rs-img rs-lazyload\" data-lazyload=\"\/\/www.antiguorincon.com\/blog\/wp-content\/uploads\/2020\/10\/Col\u00f3n-cuadro-de-D.-Puebla-1862.jpg\" data-no-retina>\n<!---->\t\t\t\t\t<\/rs-slide>\n\t\t\t\t\t<\/rs-slides>\n\t\t\t\t<\/rs-module>\n\t\t\t\t<script>\n\t\t\t\t\tsetREVStartSize({c: 'rev_slider_80_1',rl:[1240,1024,778,480],el:[310],gw:[1240],gh:[310],type:'standard',justify:'',layout:'fullwidth',mh:\"310\"});if (window.RS_MODULES!==undefined && window.RS_MODULES.modules!==undefined && window.RS_MODULES.modules[\"revslider801\"]!==undefined) {window.RS_MODULES.modules[\"revslider801\"].once = false;window.revapi80 = undefined;if (window.RS_MODULES.checkMinimal!==undefined) window.RS_MODULES.checkMinimal()}\n\t\t\t\t<\/script>\n\t\t\t<\/rs-module-wrap>\n\t\t\t<!-- END REVOLUTION SLIDER -->\n\n<p>&nbsp;<\/p>\n<p>Col\u00f3n, el <em>Almirante de la Mar Ocean\u00eda<\/em>, nunca lleg\u00f3 a aceptar que se hab\u00eda equivocado. Muri\u00f3 convencido de que hab\u00eda llegado a las Indias orientales. Una vanidad que es causante tambi\u00e9n del embrollo biogr\u00e1fico de <strong>Crist\u00f3bal Col\u00f3n<\/strong>, que no quiso aclarar \u2013por ciertos prejuicios- ni sus or\u00edgenes ni su fecha exacta de nacimiento.<\/p>\n<p><strong>Nunca un error ha sido tan celebrado y pol\u00e9mico en la historia de la humanidad<\/strong>\u00a0como el que tuvo este navegante experimentado, de incierto origen genov\u00e9s, cuando asegur\u00f3 a sus majestades cat\u00f3licas que hab\u00eda dado media vuelta al orbe y llegado a la India. De ah\u00ed, como todo el mundo sabe le viene a los\u00a0<strong><a href=\"https:\/\/www.paxaugusta.es\/2016\/10\/pedir-perdon-los-indigenas-de-america-y.html\">ind\u00edgenas americanos<\/a>\u00a0<\/strong>la denominaci\u00f3n de \u00abindios\u00bb.<\/p>\n<p><img loading=\"lazy\" decoding=\"async\" class=\" wp-image-1416 alignleft\" src=\"https:\/\/www.antiguorincon.com\/blog\/wp-content\/uploads\/2020\/10\/Col\u00f3n1-300x188.jpg\" alt=\"\" width=\"340\" height=\"213\" srcset=\"https:\/\/www.antiguorincon.com\/blog\/wp-content\/uploads\/2020\/10\/Col\u00f3n1-300x188.jpg 300w, https:\/\/www.antiguorincon.com\/blog\/wp-content\/uploads\/2020\/10\/Col\u00f3n1.jpg 622w\" sizes=\"auto, (max-width: 340px) 100vw, 340px\" \/><\/p>\n<p>En ese misterio pretendido que encubre sus or\u00edgenes estar\u00eda de c\u00f3mplice su hijo\u00a0<strong>Fernando (o Hernando) Col\u00f3n<\/strong>, su primer bi\u00f3grafo. Parece que la\u00a0<strong>vanidad familiar<\/strong>\u00a0pretend\u00eda ocultar unos muy modestos or\u00edgenes, casi de pobres menesterosos, provocando un inter\u00e9s por confundir su linaje y lugar de nacimiento. No obstante, el origen m\u00e1s contrastado es el de genov\u00e9s. Existe documentaci\u00f3n comprobada que le hace <strong>grumete y marino humilde en diferentes<\/strong>\u00a0<strong>expediciones genovesas<\/strong>, donde va ascendiendo en puestos de mariner\u00eda hasta capitanear las embarcaciones. Como capit\u00e1n consigue encargos comerciales por todo el Mediterr\u00e1neo, Irlanda e incluso Inglaterra y por las islas portuguesas del Atl\u00e1ntico.<\/p>\n<p>Esa ciudad-estado,\u00a0<strong>G\u00e9nova<\/strong>, no era Italia a\u00fan y como los venecianos, sus hombres de mar eran considerados <strong>marineros expertos<\/strong> y muy apreciados que se convert\u00edan con facilidad en mercenarios de otros reinos o estados. Ese era el \u00aboficio\u00bb de Col\u00f3n y de su entorno social, pues cas\u00f3 con la hija de uno de los colonizadores de la\u00a0<strong>isla de Madeira<\/strong>, el portugu\u00e9s tambi\u00e9n de origen italiano,\u00a0<strong>Bartolom\u00e9 Perestrello<\/strong>. Col\u00f3n hab\u00eda llegado a las costas portuguesas en\u00a0<strong>1476<\/strong>, de manera algo misteriosa, como superviviente de una batalla naval entre corsarios y su buque mercante. A pesar de ello, a partir de ese a\u00f1o y de sus casi diez a\u00f1os en Portugal, la\u00a0biograf\u00eda de Col\u00f3n\u00a0comienza a \u201caclararse\u201d, a estar mejor documentada.<\/p>\n<p>&nbsp;<\/p>\n<p><strong>Una curiosidad: Am\u00e9rica deber\u00eda llevar el nombre de Felipa, mujer de Col\u00f3n<\/strong><\/p>\n<p><strong>D.\u00aa\u00a0Felipa Monis de Perestrello<\/strong>, hija del colonizador para Portugal de las\u00a0<em>islas atl\u00e1nticas<\/em>\u00a0don\u00a0<strong>Bartolom\u00e9 Perestrello<\/strong>, fue una mujer clave y muy influyente en la vida del navegante. Entre otras cosas porque Col\u00f3n no lleg\u00f3 a conocer a su influyente suegro, muerto poco antes de 1480 cuando se celebr\u00f3 la boda. Felipa era de cuna noble portuguesa, bien situada en la corte de Lisboa, y sin duda la persona que ayud\u00f3 a Col\u00f3n a integrarse en el ambiente de\u00a0<strong>expedicionarios portugueses por el Atl\u00e1ntico<\/strong>, que ser\u00eda una especie de \u201cescuela de descubridores\u201d donde\u00a0<strong>Crist\u00f3bal Col\u00f3n<\/strong>\u00a0adquiere las bases para su gran proyecto.<\/p>\n<p><img loading=\"lazy\" decoding=\"async\" class=\" wp-image-1417 alignright\" src=\"https:\/\/www.antiguorincon.com\/blog\/wp-content\/uploads\/2020\/10\/carabelas-Colon-300x169.jpg\" alt=\"\" width=\"350\" height=\"197\" srcset=\"https:\/\/www.antiguorincon.com\/blog\/wp-content\/uploads\/2020\/10\/carabelas-Colon-300x169.jpg 300w, https:\/\/www.antiguorincon.com\/blog\/wp-content\/uploads\/2020\/10\/carabelas-Colon.jpg 655w\" sizes=\"auto, (max-width: 350px) 100vw, 350px\" \/><\/p>\n<p>Col\u00f3n tuvo en su mujer la mejor fuente intelectual para proyectar el viaje navegando hacia el oeste y llegar al anhelado extremo oriente que narraba <strong>Marco Polo<\/strong>. La fortuna de poder consultar toda la documentaci\u00f3n reunida por el padre de D.\u00aa Felipa, desde excelentes mapas del Atl\u00e1ntico, hasta \u201cse\u00f1ales\u201d de tierra y vida m\u00e1s al oeste de restos recogidos en alta mar tra\u00eddos por las corrientes marinas. Es probable que la prematura muerte de Felipa, en 1485, fuese la responsable de que el proyecto de Col\u00f3n no interesase, al perder el aval familiar, al monarca portugu\u00e9s y de la marcha a Espa\u00f1a a buscar el apoyo de la corte castellano-aragonesa.<\/p>\n<p>&nbsp;<\/p>\n<p>Sin la inspiraci\u00f3n y apoyo de una mujer, Felipa, el proyecto colombino no tendr\u00eda ra\u00edces; pero no ser\u00eda realidad sin el apoyo de otra dama, la <strong>reina Isabel de Castilla<\/strong>. Los historiadores especialistas aseguran que Portugal rechaz\u00f3 el plan de Col\u00f3n sobre todo por exigir \u00e9ste que la ruta se iniciase en las Canarias y as\u00ed aprovechar los necesarios vientos alisios. El <strong>Tratado de Alca\u00e7ovas (1480)<\/strong> donde se dejaban las Canarias a los castellanos y las Azores, Madeira y Cabo Verde a los lusos, imped\u00eda poner en marcha el proyecto. Reci\u00e9n salidos de una guerra con los castellanos, no era plan volver a otra cuando Portugal se enriquec\u00eda con sus rutas africanas sin tener que emprender otra incierta a todas luces que molestase a sus vecinos. As\u00ed, Col\u00f3n marchar\u00eda a Castilla a buscar otro prestigioso promotor.<\/p>\n<p>&nbsp;<\/p>\n<p><img loading=\"lazy\" decoding=\"async\" class=\" wp-image-1418 aligncenter\" src=\"https:\/\/www.antiguorincon.com\/blog\/wp-content\/uploads\/2020\/10\/Col\u00f3n-cuadro-de-D.-Puebla-1862-300x188.jpg\" alt=\"\" width=\"382\" height=\"239\" srcset=\"https:\/\/www.antiguorincon.com\/blog\/wp-content\/uploads\/2020\/10\/Col\u00f3n-cuadro-de-D.-Puebla-1862-300x188.jpg 300w, https:\/\/www.antiguorincon.com\/blog\/wp-content\/uploads\/2020\/10\/Col\u00f3n-cuadro-de-D.-Puebla-1862.jpg 624w\" sizes=\"auto, (max-width: 382px) 100vw, 382px\" \/><\/p>\n<p>&nbsp;<\/p>\n<p>&nbsp;<\/p>\n<p><strong>La comisi\u00f3n de expertos de los Reyes Cat\u00f3licos<\/strong>, como hizo la portuguesa, desautoriz\u00f3 los c\u00e1lculos de Col\u00f3n para circunnavegar la tierra y llegar a la India por el oeste. Col\u00f3n pudo pensar en Francia o en Inglaterra como nuevos patrocinadores. Sin embargo, resultando otro \u00abenigma\u00bb en su vida, el navegante prefiri\u00f3 dar otra oportunidad a Castilla convencido por el confesor de la reina, <strong>fray Juan P\u00e9rez<\/strong>. No sabemos qu\u00e9 \u201csecretos de confesi\u00f3n\u201d de la reina us\u00f3 P\u00e9rez para convencer a Col\u00f3n de que la reina confiaba en su plan, pero el 12 de octubre de 1492 la historia del mundo entraba, por error, en una nueva era. El resto es historia.<\/p>\n<p>&nbsp;<\/p>\n<p>Si exploras nuestra web podr\u00e1s encontrar un gran universo de piezas en torno al <a href=\"https:\/\/www.antiguorincon.com\/buscar?controller=search&amp;orderby=position&amp;orderway=desc&amp;search_query=barco&amp;submit_search=\">mundo de las embarcaciones<\/a>.<\/p>\n<p><strong><em>Gustavo Adolfo Ordo\u00f1o <\/em><\/strong><\/p>\n<p><strong>-Historiador y periodista-<\/strong><\/p>\n<p>&nbsp;<\/p>\n","protected":false},"excerpt":{"rendered":"<p>&nbsp; Col\u00f3n, el Almirante de la Mar Ocean\u00eda, nunca lleg\u00f3 a aceptar que se hab\u00eda equivocado. Muri\u00f3 convencido de que hab\u00eda llegado a las Indias orientales. Una vanidad que es causante tambi\u00e9n del embrollo biogr\u00e1fico de Crist\u00f3bal Col\u00f3n, que no quiso aclarar \u2013por ciertos prejuicios- ni sus or\u00edgenes ni su fecha exacta de nacimiento. Nunca [&hellip;]<\/p>\n","protected":false},"author":3,"featured_media":1416,"comment_status":"closed","ping_status":"closed","sticky":false,"template":"","format":"standard","meta":{"footnotes":""},"categories":[11,55],"tags":[257,259,256,260,258],"class_list":["post-1415","post","type-post","status-publish","format-standard","has-post-thumbnail","hentry","category-curiosidades","category-edad-moderna-s-xv-xviii","tag-america","tag-atlantico","tag-colon","tag-embarcacion","tag-marco-polo"],"yoast_head":"<!-- This site is optimized with the Yoast SEO plugin v27.3 - https:\/\/yoast.com\/product\/yoast-seo-wordpress\/ -->\n<title>El enigm\u00e1tico Crist\u00f3bal Col\u00f3n - Blog de AntiguoRincon.com Historia, cultura y curiosidades.<\/title>\n<meta name=\"robots\" content=\"index, follow, max-snippet:-1, max-image-preview:large, max-video-preview:-1\" \/>\n<link rel=\"canonical\" href=\"https:\/\/www.antiguorincon.com\/blog\/el-enigmatico-cristobal-colon\/\" \/>\n<meta property=\"og:locale\" content=\"es_ES\" \/>\n<meta property=\"og:type\" content=\"article\" \/>\n<meta property=\"og:title\" content=\"El enigm\u00e1tico Crist\u00f3bal Col\u00f3n - Blog de AntiguoRincon.com Historia, cultura y curiosidades.\" \/>\n<meta property=\"og:description\" content=\"&nbsp; Col\u00f3n, el Almirante de la Mar Ocean\u00eda, nunca lleg\u00f3 a aceptar que se hab\u00eda equivocado. Muri\u00f3 convencido de que hab\u00eda llegado a las Indias orientales. Una vanidad que es causante tambi\u00e9n del embrollo biogr\u00e1fico de Crist\u00f3bal Col\u00f3n, que no quiso aclarar \u2013por ciertos prejuicios- ni sus or\u00edgenes ni su fecha exacta de nacimiento. Nunca [&hellip;]\" \/>\n<meta property=\"og:url\" content=\"https:\/\/www.antiguorincon.com\/blog\/el-enigmatico-cristobal-colon\/\" \/>\n<meta property=\"og:site_name\" content=\"Blog de AntiguoRincon.com Historia, cultura y curiosidades.\" \/>\n<meta property=\"article:publisher\" content=\"https:\/\/www.facebook.com\/antiguorinconcom\" \/>\n<meta property=\"article:published_time\" content=\"2024-06-20T18:30:42+00:00\" \/>\n<meta property=\"og:image\" content=\"https:\/\/www.antiguorincon.com\/blog\/wp-content\/uploads\/2020\/10\/Col\u00f3n1.jpg\" \/>\n\t<meta property=\"og:image:width\" content=\"622\" \/>\n\t<meta property=\"og:image:height\" content=\"390\" \/>\n\t<meta property=\"og:image:type\" content=\"image\/jpeg\" \/>\n<meta name=\"author\" content=\"rafa\" \/>\n<meta name=\"twitter:card\" content=\"summary_large_image\" \/>\n<meta name=\"twitter:creator\" content=\"@antiguorincon\" \/>\n<meta name=\"twitter:site\" content=\"@antiguorincon\" \/>\n<meta name=\"twitter:label1\" content=\"Escrito por\" \/>\n\t<meta name=\"twitter:data1\" content=\"rafa\" \/>\n\t<meta name=\"twitter:label2\" content=\"Tiempo de lectura\" \/>\n\t<meta name=\"twitter:data2\" content=\"5 minutos\" \/>\n<script type=\"application\/ld+json\" class=\"yoast-schema-graph\">{\"@context\":\"https:\\\/\\\/schema.org\",\"@graph\":[{\"@type\":\"Article\",\"@id\":\"https:\\\/\\\/www.antiguorincon.com\\\/blog\\\/el-enigmatico-cristobal-colon\\\/#article\",\"isPartOf\":{\"@id\":\"https:\\\/\\\/www.antiguorincon.com\\\/blog\\\/el-enigmatico-cristobal-colon\\\/\"},\"author\":{\"name\":\"rafa\",\"@id\":\"https:\\\/\\\/www.antiguorincon.com\\\/blog\\\/#\\\/schema\\\/person\\\/196cf451e97f5dc8fc15d66c0e365246\"},\"headline\":\"El enigm\u00e1tico Crist\u00f3bal Col\u00f3n\",\"datePublished\":\"2024-06-20T18:30:42+00:00\",\"mainEntityOfPage\":{\"@id\":\"https:\\\/\\\/www.antiguorincon.com\\\/blog\\\/el-enigmatico-cristobal-colon\\\/\"},\"wordCount\":938,\"image\":{\"@id\":\"https:\\\/\\\/www.antiguorincon.com\\\/blog\\\/el-enigmatico-cristobal-colon\\\/#primaryimage\"},\"thumbnailUrl\":\"https:\\\/\\\/www.antiguorincon.com\\\/blog\\\/wp-content\\\/uploads\\\/2020\\\/10\\\/Col\u00f3n1.jpg\",\"keywords\":[\"Am\u00e9rica\",\"Atl\u00e1ntico\",\"Col\u00f3n\",\"embarcaci\u00f3n\",\"Marco Polo\"],\"articleSection\":[\"Curiosidades\",\"Edad Moderna s. XV- XVIII\"],\"inLanguage\":\"es\"},{\"@type\":\"WebPage\",\"@id\":\"https:\\\/\\\/www.antiguorincon.com\\\/blog\\\/el-enigmatico-cristobal-colon\\\/\",\"url\":\"https:\\\/\\\/www.antiguorincon.com\\\/blog\\\/el-enigmatico-cristobal-colon\\\/\",\"name\":\"El enigm\u00e1tico Crist\u00f3bal Col\u00f3n - Blog de AntiguoRincon.com Historia, cultura y curiosidades.\",\"isPartOf\":{\"@id\":\"https:\\\/\\\/www.antiguorincon.com\\\/blog\\\/#website\"},\"primaryImageOfPage\":{\"@id\":\"https:\\\/\\\/www.antiguorincon.com\\\/blog\\\/el-enigmatico-cristobal-colon\\\/#primaryimage\"},\"image\":{\"@id\":\"https:\\\/\\\/www.antiguorincon.com\\\/blog\\\/el-enigmatico-cristobal-colon\\\/#primaryimage\"},\"thumbnailUrl\":\"https:\\\/\\\/www.antiguorincon.com\\\/blog\\\/wp-content\\\/uploads\\\/2020\\\/10\\\/Col\u00f3n1.jpg\",\"datePublished\":\"2024-06-20T18:30:42+00:00\",\"author\":{\"@id\":\"https:\\\/\\\/www.antiguorincon.com\\\/blog\\\/#\\\/schema\\\/person\\\/196cf451e97f5dc8fc15d66c0e365246\"},\"breadcrumb\":{\"@id\":\"https:\\\/\\\/www.antiguorincon.com\\\/blog\\\/el-enigmatico-cristobal-colon\\\/#breadcrumb\"},\"inLanguage\":\"es\",\"potentialAction\":[{\"@type\":\"ReadAction\",\"target\":[\"https:\\\/\\\/www.antiguorincon.com\\\/blog\\\/el-enigmatico-cristobal-colon\\\/\"]}]},{\"@type\":\"ImageObject\",\"inLanguage\":\"es\",\"@id\":\"https:\\\/\\\/www.antiguorincon.com\\\/blog\\\/el-enigmatico-cristobal-colon\\\/#primaryimage\",\"url\":\"https:\\\/\\\/www.antiguorincon.com\\\/blog\\\/wp-content\\\/uploads\\\/2020\\\/10\\\/Col\u00f3n1.jpg\",\"contentUrl\":\"https:\\\/\\\/www.antiguorincon.com\\\/blog\\\/wp-content\\\/uploads\\\/2020\\\/10\\\/Col\u00f3n1.jpg\",\"width\":622,\"height\":390},{\"@type\":\"BreadcrumbList\",\"@id\":\"https:\\\/\\\/www.antiguorincon.com\\\/blog\\\/el-enigmatico-cristobal-colon\\\/#breadcrumb\",\"itemListElement\":[{\"@type\":\"ListItem\",\"position\":1,\"name\":\"Blog\",\"item\":\"https:\\\/\\\/www.antiguorincon.com\\\/blog\\\/\"},{\"@type\":\"ListItem\",\"position\":2,\"name\":\"El enigm\u00e1tico Crist\u00f3bal Col\u00f3n\"}]},{\"@type\":\"WebSite\",\"@id\":\"https:\\\/\\\/www.antiguorincon.com\\\/blog\\\/#website\",\"url\":\"https:\\\/\\\/www.antiguorincon.com\\\/blog\\\/\",\"name\":\"Blog AntiguoRincon.com\",\"description\":\"Blog de AntiguoRincon.com  Historia, cultura y curiosidades.\",\"potentialAction\":[{\"@type\":\"SearchAction\",\"target\":{\"@type\":\"EntryPoint\",\"urlTemplate\":\"https:\\\/\\\/www.antiguorincon.com\\\/blog\\\/?s={search_term_string}\"},\"query-input\":{\"@type\":\"PropertyValueSpecification\",\"valueRequired\":true,\"valueName\":\"search_term_string\"}}],\"inLanguage\":\"es\"},{\"@type\":\"Person\",\"@id\":\"https:\\\/\\\/www.antiguorincon.com\\\/blog\\\/#\\\/schema\\\/person\\\/196cf451e97f5dc8fc15d66c0e365246\",\"name\":\"rafa\"}]}<\/script>\n<!-- \/ Yoast SEO plugin. -->","yoast_head_json":{"title":"El enigm\u00e1tico Crist\u00f3bal Col\u00f3n - Blog de AntiguoRincon.com Historia, cultura y curiosidades.","robots":{"index":"index","follow":"follow","max-snippet":"max-snippet:-1","max-image-preview":"max-image-preview:large","max-video-preview":"max-video-preview:-1"},"canonical":"https:\/\/www.antiguorincon.com\/blog\/el-enigmatico-cristobal-colon\/","og_locale":"es_ES","og_type":"article","og_title":"El enigm\u00e1tico Crist\u00f3bal Col\u00f3n - Blog de AntiguoRincon.com Historia, cultura y curiosidades.","og_description":"&nbsp; Col\u00f3n, el Almirante de la Mar Ocean\u00eda, nunca lleg\u00f3 a aceptar que se hab\u00eda equivocado. Muri\u00f3 convencido de que hab\u00eda llegado a las Indias orientales. Una vanidad que es causante tambi\u00e9n del embrollo biogr\u00e1fico de Crist\u00f3bal Col\u00f3n, que no quiso aclarar \u2013por ciertos prejuicios- ni sus or\u00edgenes ni su fecha exacta de nacimiento. Nunca [&hellip;]","og_url":"https:\/\/www.antiguorincon.com\/blog\/el-enigmatico-cristobal-colon\/","og_site_name":"Blog de AntiguoRincon.com Historia, cultura y curiosidades.","article_publisher":"https:\/\/www.facebook.com\/antiguorinconcom","article_published_time":"2024-06-20T18:30:42+00:00","og_image":[{"width":622,"height":390,"url":"https:\/\/www.antiguorincon.com\/blog\/wp-content\/uploads\/2020\/10\/Col\u00f3n1.jpg","type":"image\/jpeg"}],"author":"rafa","twitter_card":"summary_large_image","twitter_creator":"@antiguorincon","twitter_site":"@antiguorincon","twitter_misc":{"Escrito por":"rafa","Tiempo de lectura":"5 minutos"},"schema":{"@context":"https:\/\/schema.org","@graph":[{"@type":"Article","@id":"https:\/\/www.antiguorincon.com\/blog\/el-enigmatico-cristobal-colon\/#article","isPartOf":{"@id":"https:\/\/www.antiguorincon.com\/blog\/el-enigmatico-cristobal-colon\/"},"author":{"name":"rafa","@id":"https:\/\/www.antiguorincon.com\/blog\/#\/schema\/person\/196cf451e97f5dc8fc15d66c0e365246"},"headline":"El enigm\u00e1tico Crist\u00f3bal Col\u00f3n","datePublished":"2024-06-20T18:30:42+00:00","mainEntityOfPage":{"@id":"https:\/\/www.antiguorincon.com\/blog\/el-enigmatico-cristobal-colon\/"},"wordCount":938,"image":{"@id":"https:\/\/www.antiguorincon.com\/blog\/el-enigmatico-cristobal-colon\/#primaryimage"},"thumbnailUrl":"https:\/\/www.antiguorincon.com\/blog\/wp-content\/uploads\/2020\/10\/Col\u00f3n1.jpg","keywords":["Am\u00e9rica","Atl\u00e1ntico","Col\u00f3n","embarcaci\u00f3n","Marco Polo"],"articleSection":["Curiosidades","Edad Moderna s. XV- XVIII"],"inLanguage":"es"},{"@type":"WebPage","@id":"https:\/\/www.antiguorincon.com\/blog\/el-enigmatico-cristobal-colon\/","url":"https:\/\/www.antiguorincon.com\/blog\/el-enigmatico-cristobal-colon\/","name":"El enigm\u00e1tico Crist\u00f3bal Col\u00f3n - Blog de AntiguoRincon.com Historia, cultura y curiosidades.","isPartOf":{"@id":"https:\/\/www.antiguorincon.com\/blog\/#website"},"primaryImageOfPage":{"@id":"https:\/\/www.antiguorincon.com\/blog\/el-enigmatico-cristobal-colon\/#primaryimage"},"image":{"@id":"https:\/\/www.antiguorincon.com\/blog\/el-enigmatico-cristobal-colon\/#primaryimage"},"thumbnailUrl":"https:\/\/www.antiguorincon.com\/blog\/wp-content\/uploads\/2020\/10\/Col\u00f3n1.jpg","datePublished":"2024-06-20T18:30:42+00:00","author":{"@id":"https:\/\/www.antiguorincon.com\/blog\/#\/schema\/person\/196cf451e97f5dc8fc15d66c0e365246"},"breadcrumb":{"@id":"https:\/\/www.antiguorincon.com\/blog\/el-enigmatico-cristobal-colon\/#breadcrumb"},"inLanguage":"es","potentialAction":[{"@type":"ReadAction","target":["https:\/\/www.antiguorincon.com\/blog\/el-enigmatico-cristobal-colon\/"]}]},{"@type":"ImageObject","inLanguage":"es","@id":"https:\/\/www.antiguorincon.com\/blog\/el-enigmatico-cristobal-colon\/#primaryimage","url":"https:\/\/www.antiguorincon.com\/blog\/wp-content\/uploads\/2020\/10\/Col\u00f3n1.jpg","contentUrl":"https:\/\/www.antiguorincon.com\/blog\/wp-content\/uploads\/2020\/10\/Col\u00f3n1.jpg","width":622,"height":390},{"@type":"BreadcrumbList","@id":"https:\/\/www.antiguorincon.com\/blog\/el-enigmatico-cristobal-colon\/#breadcrumb","itemListElement":[{"@type":"ListItem","position":1,"name":"Blog","item":"https:\/\/www.antiguorincon.com\/blog\/"},{"@type":"ListItem","position":2,"name":"El enigm\u00e1tico Crist\u00f3bal Col\u00f3n"}]},{"@type":"WebSite","@id":"https:\/\/www.antiguorincon.com\/blog\/#website","url":"https:\/\/www.antiguorincon.com\/blog\/","name":"Blog AntiguoRincon.com","description":"Blog de AntiguoRincon.com  Historia, cultura y curiosidades.","potentialAction":[{"@type":"SearchAction","target":{"@type":"EntryPoint","urlTemplate":"https:\/\/www.antiguorincon.com\/blog\/?s={search_term_string}"},"query-input":{"@type":"PropertyValueSpecification","valueRequired":true,"valueName":"search_term_string"}}],"inLanguage":"es"},{"@type":"Person","@id":"https:\/\/www.antiguorincon.com\/blog\/#\/schema\/person\/196cf451e97f5dc8fc15d66c0e365246","name":"rafa"}]}},"_links":{"self":[{"href":"https:\/\/www.antiguorincon.com\/blog\/wp-json\/wp\/v2\/posts\/1415","targetHints":{"allow":["GET"]}}],"collection":[{"href":"https:\/\/www.antiguorincon.com\/blog\/wp-json\/wp\/v2\/posts"}],"about":[{"href":"https:\/\/www.antiguorincon.com\/blog\/wp-json\/wp\/v2\/types\/post"}],"author":[{"embeddable":true,"href":"https:\/\/www.antiguorincon.com\/blog\/wp-json\/wp\/v2\/users\/3"}],"replies":[{"embeddable":true,"href":"https:\/\/www.antiguorincon.com\/blog\/wp-json\/wp\/v2\/comments?post=1415"}],"version-history":[{"count":5,"href":"https:\/\/www.antiguorincon.com\/blog\/wp-json\/wp\/v2\/posts\/1415\/revisions"}],"predecessor-version":[{"id":1550,"href":"https:\/\/www.antiguorincon.com\/blog\/wp-json\/wp\/v2\/posts\/1415\/revisions\/1550"}],"wp:featuredmedia":[{"embeddable":true,"href":"https:\/\/www.antiguorincon.com\/blog\/wp-json\/wp\/v2\/media\/1416"}],"wp:attachment":[{"href":"https:\/\/www.antiguorincon.com\/blog\/wp-json\/wp\/v2\/media?parent=1415"}],"wp:term":[{"taxonomy":"category","embeddable":true,"href":"https:\/\/www.antiguorincon.com\/blog\/wp-json\/wp\/v2\/categories?post=1415"},{"taxonomy":"post_tag","embeddable":true,"href":"https:\/\/www.antiguorincon.com\/blog\/wp-json\/wp\/v2\/tags?post=1415"}],"curies":[{"name":"wp","href":"https:\/\/api.w.org\/{rel}","templated":true}]}}